{"id":1175,"date":"2026-03-06T13:20:21","date_gmt":"2026-03-06T13:20:21","guid":{"rendered":"https:\/\/www.fondation-salomon.org\/passsport-pour-lemploi\/"},"modified":"2026-03-24T16:15:43","modified_gmt":"2026-03-24T16:15:43","slug":"passsport-pour-lemploi","status":"publish","type":"post","link":"https:\/\/www.fondation-salomon.org\/fr\/passsport-pour-lemploi\/","title":{"rendered":"Pass&#8217;Sport Pour l&#8217;Emploi"},"content":{"rendered":"\n<div class=\"wp-block-group alignfull has-global-padding is-layout-constrained wp-container-core-group-is-layout-ae1ce1f8 wp-block-group-is-layout-constrained\">\n<div class=\"wp-block-group alignwide is-content-justification-space-between is-layout-flex wp-container-core-group-is-layout-e5edad21 wp-block-group-is-layout-flex\">\n<h3 class=\"wp-block-heading\"><strong>about<\/strong><\/h3>\n\n\n\n<div class=\"wp-block-group has-base-background-color has-background has-global-padding is-layout-constrained wp-container-core-group-is-layout-715153ea wp-block-group-is-layout-constrained\">\n<p>Founded in 2017, the Pass\u2019Sport pour l\u2019Emploi association is a key player in the socio-sports ecosystem. Its mission is to harness the potential of sport to support vulnerable populations and achieve other social goals (particularly professional integration). The association draws on expertise developed over several years in providing employment support through sport, notably through its innovative tools: EvaCops (a tool for assessing behavioral skills through sport) and Enigmarius (a team-based urban orienteering race).<\/p>\n<\/div>\n<\/div>\n<\/div>\n\n\n\n<div class=\"wp-block-group is-style-line-watch has-base-background-color has-background is-layout-flow wp-block-group-is-layout-flow\" style=\"padding-top:var(--wp--preset--spacing--70);padding-bottom:var(--wp--preset--spacing--70)\">\n<p>In a context where social inclusion, education, and social cohesion are central to public policy, sport has emerged as an essential lever for societal transformation. Beyond mere leisure, it is also a tool for social inclusion and a driver of economic and social development.<br><br>We participated in the third edition of the Study and Training Days (JEF), organized by the Social Impact through Sport consortium on January 30 and 31, 2025, in Nantes. These events brought together more than 200 stakeholders in the socio-sport sector: sports federations, sports-based social inclusion associations, researchers, and public institutions.<br><br>They provided a unique opportunity to discuss the major challenges of socio-sport (a term that has gradually become established to describe sport for social purposes rather than performance), to share best practices, and to reflect on the sector&#8217;s evolution.<\/p>\n\n\n\n<h3 class=\"wp-block-heading\">A Lever for Inclusion and Social Cohesion<\/h3>\n\n\n\n<p>According to the COSMOS report, the impact of sport is significant:<\/p>\n\n\n\n<ul class=\"wp-block-list\">\n<li>\u20ac1 invested in sport = \u20ac13 saved in public spending (health, education, inclusion, social cohesion). Impressive, isn&#8217;t it?<\/li>\n\n\n\n<li>It represents 2.6% of French GDP, or \u20ac68 billion.<\/li>\n\n\n\n<li>The sector employs 196,000 people and generates between \u20ac7.5 and \u20ac11 billion through sports volunteering in 2023.<\/li>\n<\/ul>\n\n\n\n<p>But beyond the figures, the 2025 European Sports Days (JEF 2025) provided an opportunity to highlight the psycho-social dimension of sport. It constitutes a powerful tool for re-engagement and personal development, particularly for those far removed from the job market. It helps develop soft skills such as discipline, teamwork, and self-confidence\u2014essential skills in the job market. However, this cannot be improvised: professional training is essential.<\/p>\n<\/div>\n\n\n\n<div class=\"wp-block-group alignwide is-style-line-watch is-layout-flow wp-block-group-is-layout-flow\" style=\"padding-top:var(--wp--preset--spacing--100)\">\n<div class=\"wp-block-columns is-style-no-shrink is-style-no-shrink-right is-layout-flex wp-container-core-columns-is-layout-c4357863 wp-block-columns-is-layout-flex\">\n<div class=\"wp-block-column is-layout-flow wp-block-column-is-layout-flow\" style=\"flex-basis:42.5%\">\n<h3 class=\"wp-block-heading\"><strong>paragraph title<\/strong><\/h3>\n\n\n\n<h4 class=\"wp-block-heading\">Subtitle lorem ipsum dolor sit amet consequem etat<\/h4>\n\n\n\n<p>Lorem ipsum dolor sit amet, consectetur adipiscing elit. Duis facilisis fringilla accumsan. Aenean eget tincidunt nisl, nec sagittis orci.<\/p>\n\n\n\n<h4 class=\"wp-block-heading\">Subtitle<\/h4>\n\n\n\n<p>Duis facilisis fringilla accumsan. Aenean eget tincidunt nisl, nec sagittis orci. Praesent sed aliquet enim. Etiam non sem ut dolor mattis tristique. Sed convallis risus vel ex pulvinar, ut dignissim magna consectetur.Aliquam hendrerit dignissim neque cursus eleifend.&nbsp;<\/p>\n<\/div>\n\n\n\n<div class=\"wp-block-column is-layout-flow wp-block-column-is-layout-flow\" style=\"flex-basis:57.5%\">\n<figure class=\"wp-block-image size-full\"><img decoding=\"async\" width=\"805\" height=\"610\" src=\"https:\/\/www.fondation-salomon.org\/app\/uploads\/2026\/03\/image-7-4.png\" alt=\"\" class=\"wp-image-735\" srcset=\"https:\/\/www.fondation-salomon.org\/app\/uploads\/2026\/03\/image-7-4.png 805w, https:\/\/www.fondation-salomon.org\/app\/uploads\/2026\/03\/image-7-4-300x227.png 300w, https:\/\/www.fondation-salomon.org\/app\/uploads\/2026\/03\/image-7-4-768x582.png 768w\" sizes=\"(max-width: 805px) 100vw, 805px\" \/><\/figure>\n<\/div>\n<\/div>\n<\/div>\n\n\n\n<div class=\"wp-block-group alignwide pattern-double-image is-style-line-watch has-base-background-color has-background is-layout-flow wp-block-group-is-layout-flow\" style=\"padding-top:var(--wp--preset--spacing--70);padding-bottom:var(--wp--preset--spacing--70)\"><section class=\"wp-block-grdnrs-swiper\" data-swiper-type=\"gallery\" data-swiper-style=\"slider\" >\n\t\n\n<figure class=\"wp-block-gallery has-nested-images columns-default is-cropped wp-block-gallery-1 is-layout-flex wp-block-gallery-is-layout-flex\">\n<figure class=\"wp-block-image size-large\" style=\"margin-top:0px;margin-bottom:0px\"><img decoding=\"async\" width=\"448\" height=\"299\" data-id=\"746\" src=\"https:\/\/www.fondation-salomon.org\/app\/uploads\/2026\/03\/image-7-5.png\" alt=\"\" class=\"wp-image-746\" srcset=\"https:\/\/www.fondation-salomon.org\/app\/uploads\/2026\/03\/image-7-5.png 448w, https:\/\/www.fondation-salomon.org\/app\/uploads\/2026\/03\/image-7-5-300x200.png 300w\" sizes=\"(max-width: 448px) 100vw, 448px\" \/><\/figure>\n\n\n\n<figure class=\"wp-block-image size-large\"><img decoding=\"async\" width=\"217\" height=\"299\" data-id=\"745\" src=\"https:\/\/www.fondation-salomon.org\/app\/uploads\/2026\/03\/image-9.png\" alt=\"\" class=\"wp-image-745\"\/><\/figure>\n\n\n\n<figure class=\"wp-block-image size-large\"><img decoding=\"async\" width=\"805\" height=\"610\" data-id=\"735\" src=\"https:\/\/www.fondation-salomon.org\/app\/uploads\/2026\/03\/image-7-4.png\" alt=\"\" class=\"wp-image-735\" srcset=\"https:\/\/www.fondation-salomon.org\/app\/uploads\/2026\/03\/image-7-4.png 805w, https:\/\/www.fondation-salomon.org\/app\/uploads\/2026\/03\/image-7-4-300x227.png 300w, https:\/\/www.fondation-salomon.org\/app\/uploads\/2026\/03\/image-7-4-768x582.png 768w\" sizes=\"(max-width: 805px) 100vw, 805px\" \/><\/figure>\n\n\n\n<figure class=\"wp-block-image size-large\"><img decoding=\"async\" width=\"608\" height=\"460\" data-id=\"668\" src=\"https:\/\/www.fondation-salomon.org\/app\/uploads\/2026\/03\/image-8-2.png\" alt=\"\" class=\"wp-image-668\" srcset=\"https:\/\/www.fondation-salomon.org\/app\/uploads\/2026\/03\/image-8-2.png 608w, https:\/\/www.fondation-salomon.org\/app\/uploads\/2026\/03\/image-8-2-300x227.png 300w\" sizes=\"(max-width: 608px) 100vw, 608px\" \/><\/figure>\n\n\n\n<figure class=\"wp-block-image size-large\"><img decoding=\"async\" width=\"508\" height=\"650\" data-id=\"533\" src=\"https:\/\/www.fondation-salomon.org\/app\/uploads\/2026\/03\/image-4.png\" alt=\"\" class=\"wp-image-533\" srcset=\"https:\/\/www.fondation-salomon.org\/app\/uploads\/2026\/03\/image-4.png 508w, https:\/\/www.fondation-salomon.org\/app\/uploads\/2026\/03\/image-4-234x300.png 234w\" sizes=\"(max-width: 508px) 100vw, 508px\" \/><\/figure>\n\n\n\n<figure class=\"wp-block-image size-large\"><img decoding=\"async\" data-id=\"103\" src=\"https:\/\/www.fondation-salomon.org\/app\/uploads\/2026\/02\/mission-2.png\" alt=\"\" class=\"wp-image-103\"\/><\/figure>\n\n\n\n<figure class=\"wp-block-image size-large\"><img decoding=\"async\" width=\"1024\" height=\"776\" data-id=\"659\" src=\"https:\/\/www.fondation-salomon.org\/app\/uploads\/2026\/03\/image-8-1024x776.png\" alt=\"\" class=\"wp-image-659\" srcset=\"https:\/\/www.fondation-salomon.org\/app\/uploads\/2026\/03\/image-8-1024x776.png 1024w, https:\/\/www.fondation-salomon.org\/app\/uploads\/2026\/03\/image-8-300x227.png 300w, https:\/\/www.fondation-salomon.org\/app\/uploads\/2026\/03\/image-8-768x582.png 768w, https:\/\/www.fondation-salomon.org\/app\/uploads\/2026\/03\/image-8.png 1035w\" sizes=\"(max-width: 1024px) 100vw, 1024px\" \/><\/figure>\n<\/figure>\n\n<\/section>\n<\/div>\n","protected":false},"excerpt":{"rendered":"about Founded in 2017, the Pass\u2019Sport pour l\u2019Emploi association is a key player in the socio-sports ecosystem. Its mission is to harness the potential of sport to support vulnerable populations and achieve other social goals (particularly professional integration). The association draws on expertise developed over several years in providing employment support through sport, notably through [&hellip;]","protected":false},"author":1,"featured_media":1176,"comment_status":"closed","ping_status":"open","sticky":false,"template":"","format":"standard","meta":{"inline_featured_image":false,"footnotes":""},"categories":[24],"tags":[],"class_list":["post-1175","post","type-post","status-publish","format-standard","has-post-thumbnail","hentry","category-event"],"yoast_head":"<!-- This site is optimized with the Yoast SEO plugin v27.2 - https:\/\/yoast.com\/product\/yoast-seo-wordpress\/ -->\n<title>Pass&#039;Sport Pour l&#039;Emploi - fondation salomon<\/title>\n<meta name=\"robots\" content=\"index, follow, max-snippet:-1, max-image-preview:large, max-video-preview:-1\" \/>\n<link rel=\"canonical\" href=\"https:\/\/www.fondation-salomon.org\/?p=716\" \/>\n<meta property=\"og:locale\" content=\"fr_FR\" \/>\n<meta property=\"og:type\" content=\"article\" \/>\n<meta property=\"og:title\" content=\"Pass&#039;Sport Pour l&#039;Emploi - fondation salomon\" \/>\n<meta property=\"og:description\" content=\"about Founded in 2017, the Pass\u2019Sport pour l\u2019Emploi association is a key player in the socio-sports ecosystem. Its mission is to harness the potential of sport to support vulnerable populations and achieve other social goals (particularly professional integration). The association draws on expertise developed over several years in providing employment support through sport, notably through [&hellip;]\" \/>\n<meta property=\"og:url\" content=\"https:\/\/www.fondation-salomon.org\/?p=716\" \/>\n<meta property=\"og:site_name\" content=\"fondation salomon\" \/>\n<meta property=\"article:publisher\" content=\"https:\/\/www.facebook.com\/Salomon\/?locale=fr_FR\" \/>\n<meta property=\"article:published_time\" content=\"2026-03-06T13:20:21+00:00\" \/>\n<meta property=\"article:modified_time\" content=\"2026-03-24T16:15:43+00:00\" \/>\n<meta property=\"og:image\" content=\"https:\/\/www.fondation-salomon.org\/app\/uploads\/2026\/03\/image-6-1-1.png\" \/>\n\t<meta property=\"og:image:width\" content=\"1860\" \/>\n\t<meta property=\"og:image:height\" content=\"800\" \/>\n\t<meta property=\"og:image:type\" content=\"image\/png\" \/>\n<meta name=\"author\" content=\"gardeners\" \/>\n<meta name=\"twitter:card\" content=\"summary_large_image\" \/>\n<meta name=\"twitter:label1\" content=\"\u00c9crit par\" \/>\n\t<meta name=\"twitter:data1\" content=\"gardeners\" \/>\n\t<meta name=\"twitter:label2\" content=\"Dur\u00e9e de lecture estim\u00e9e\" \/>\n\t<meta name=\"twitter:data2\" content=\"2 minutes\" \/>\n<script type=\"application\/ld+json\" class=\"yoast-schema-graph\">{\"@context\":\"https:\/\/schema.org\",\"@graph\":[{\"@type\":\"Article\",\"@id\":\"https:\/\/www.fondation-salomon.org\/?p=716#article\",\"isPartOf\":{\"@id\":\"https:\/\/www.fondation-salomon.org\/?p=716\"},\"author\":{\"name\":\"gardeners\",\"@id\":\"https:\/\/www.fondation-salomon.org\/#\/schema\/person\/86e0bfb1b0353210b6a687aed35a4a48\"},\"headline\":\"Pass&#8217;Sport Pour l&#8217;Emploi\",\"datePublished\":\"2026-03-06T13:20:21+00:00\",\"dateModified\":\"2026-03-24T16:15:43+00:00\",\"mainEntityOfPage\":{\"@id\":\"https:\/\/www.fondation-salomon.org\/?p=716\"},\"wordCount\":398,\"publisher\":{\"@id\":\"https:\/\/www.fondation-salomon.org\/#organization\"},\"image\":{\"@id\":\"https:\/\/www.fondation-salomon.org\/?p=716#primaryimage\"},\"thumbnailUrl\":\"https:\/\/www.fondation-salomon.org\/app\/uploads\/2026\/03\/image-6-1-1.png\",\"articleSection\":[\"Event\"],\"inLanguage\":\"fr-FR\"},{\"@type\":\"WebPage\",\"@id\":\"https:\/\/www.fondation-salomon.org\/?p=716\",\"url\":\"https:\/\/www.fondation-salomon.org\/?p=716\",\"name\":\"Pass'Sport Pour l'Emploi - fondation salomon\",\"isPartOf\":{\"@id\":\"https:\/\/www.fondation-salomon.org\/#website\"},\"primaryImageOfPage\":{\"@id\":\"https:\/\/www.fondation-salomon.org\/?p=716#primaryimage\"},\"image\":{\"@id\":\"https:\/\/www.fondation-salomon.org\/?p=716#primaryimage\"},\"thumbnailUrl\":\"https:\/\/www.fondation-salomon.org\/app\/uploads\/2026\/03\/image-6-1-1.png\",\"datePublished\":\"2026-03-06T13:20:21+00:00\",\"dateModified\":\"2026-03-24T16:15:43+00:00\",\"breadcrumb\":{\"@id\":\"https:\/\/www.fondation-salomon.org\/?p=716#breadcrumb\"},\"inLanguage\":\"fr-FR\",\"potentialAction\":[{\"@type\":\"ReadAction\",\"target\":[\"https:\/\/www.fondation-salomon.org\/?p=716\"]}]},{\"@type\":\"ImageObject\",\"inLanguage\":\"fr-FR\",\"@id\":\"https:\/\/www.fondation-salomon.org\/?p=716#primaryimage\",\"url\":\"https:\/\/www.fondation-salomon.org\/app\/uploads\/2026\/03\/image-6-1-1.png\",\"contentUrl\":\"https:\/\/www.fondation-salomon.org\/app\/uploads\/2026\/03\/image-6-1-1.png\",\"width\":1860,\"height\":800},{\"@type\":\"BreadcrumbList\",\"@id\":\"https:\/\/www.fondation-salomon.org\/?p=716#breadcrumb\",\"itemListElement\":[{\"@type\":\"ListItem\",\"position\":1,\"name\":\"Home\",\"item\":\"https:\/\/www.fondation-salomon.org\/fr\/\"},{\"@type\":\"ListItem\",\"position\":2,\"name\":\"Pass&#8217;Sport Pour l&#8217;Emploi\"}]},{\"@type\":\"WebSite\",\"@id\":\"https:\/\/www.fondation-salomon.org\/#website\",\"url\":\"https:\/\/www.fondation-salomon.org\/\",\"name\":\"fondation salomon\",\"description\":\"\",\"publisher\":{\"@id\":\"https:\/\/www.fondation-salomon.org\/#organization\"},\"potentialAction\":[{\"@type\":\"SearchAction\",\"target\":{\"@type\":\"EntryPoint\",\"urlTemplate\":\"https:\/\/www.fondation-salomon.org\/?s={search_term_string}\"},\"query-input\":{\"@type\":\"PropertyValueSpecification\",\"valueRequired\":true,\"valueName\":\"search_term_string\"}}],\"inLanguage\":\"fr-FR\"},{\"@type\":\"Organization\",\"@id\":\"https:\/\/www.fondation-salomon.org\/#organization\",\"name\":\"fondation salomon\",\"url\":\"https:\/\/www.fondation-salomon.org\/\",\"logo\":{\"@type\":\"ImageObject\",\"inLanguage\":\"fr-FR\",\"@id\":\"https:\/\/www.fondation-salomon.org\/#\/schema\/logo\/image\/\",\"url\":\"https:\/\/www.fondation-salomon.org\/app\/uploads\/2026\/03\/SalomonFoundation_LOGO_Horizontal_Noir_SF-scaled.png\",\"contentUrl\":\"https:\/\/www.fondation-salomon.org\/app\/uploads\/2026\/03\/SalomonFoundation_LOGO_Horizontal_Noir_SF-scaled.png\",\"width\":2560,\"height\":569,\"caption\":\"fondation salomon\"},\"image\":{\"@id\":\"https:\/\/www.fondation-salomon.org\/#\/schema\/logo\/image\/\"},\"sameAs\":[\"https:\/\/www.facebook.com\/Salomon\/?locale=fr_FR\",\"https:\/\/www.instagram.com\/salomon_france\/\",\"https:\/\/www.youtube.com\/channel\/UCCH7Ny59oLRGfw3imhL0d7A\"]},{\"@type\":\"Person\",\"@id\":\"https:\/\/www.fondation-salomon.org\/#\/schema\/person\/86e0bfb1b0353210b6a687aed35a4a48\",\"name\":\"gardeners\",\"image\":{\"@type\":\"ImageObject\",\"inLanguage\":\"fr-FR\",\"@id\":\"https:\/\/secure.gravatar.com\/avatar\/19ee14d320737ffcd5b2d8e59dd7b2e407b7e04f4ba909c4c08ccdc952f8e483?s=96&d=mm&r=g\",\"url\":\"https:\/\/secure.gravatar.com\/avatar\/19ee14d320737ffcd5b2d8e59dd7b2e407b7e04f4ba909c4c08ccdc952f8e483?s=96&d=mm&r=g\",\"contentUrl\":\"https:\/\/secure.gravatar.com\/avatar\/19ee14d320737ffcd5b2d8e59dd7b2e407b7e04f4ba909c4c08ccdc952f8e483?s=96&d=mm&r=g\",\"caption\":\"gardeners\"},\"sameAs\":[\"https:\/\/www.fondation-salomon.org\/wp\"]}]}<\/script>\n<!-- \/ Yoast SEO plugin. -->","yoast_head_json":{"title":"Pass'Sport Pour l'Emploi - fondation salomon","robots":{"index":"index","follow":"follow","max-snippet":"max-snippet:-1","max-image-preview":"max-image-preview:large","max-video-preview":"max-video-preview:-1"},"canonical":"https:\/\/www.fondation-salomon.org\/?p=716","og_locale":"fr_FR","og_type":"article","og_title":"Pass'Sport Pour l'Emploi - fondation salomon","og_description":"about Founded in 2017, the Pass\u2019Sport pour l\u2019Emploi association is a key player in the socio-sports ecosystem. Its mission is to harness the potential of sport to support vulnerable populations and achieve other social goals (particularly professional integration). The association draws on expertise developed over several years in providing employment support through sport, notably through [&hellip;]","og_url":"https:\/\/www.fondation-salomon.org\/?p=716","og_site_name":"fondation salomon","article_publisher":"https:\/\/www.facebook.com\/Salomon\/?locale=fr_FR","article_published_time":"2026-03-06T13:20:21+00:00","article_modified_time":"2026-03-24T16:15:43+00:00","og_image":[{"width":1860,"height":800,"url":"https:\/\/www.fondation-salomon.org\/app\/uploads\/2026\/03\/image-6-1-1.png","type":"image\/png"}],"author":"gardeners","twitter_card":"summary_large_image","twitter_misc":{"\u00c9crit par":"gardeners","Dur\u00e9e de lecture estim\u00e9e":"2 minutes"},"schema":{"@context":"https:\/\/schema.org","@graph":[{"@type":"Article","@id":"https:\/\/www.fondation-salomon.org\/?p=716#article","isPartOf":{"@id":"https:\/\/www.fondation-salomon.org\/?p=716"},"author":{"name":"gardeners","@id":"https:\/\/www.fondation-salomon.org\/#\/schema\/person\/86e0bfb1b0353210b6a687aed35a4a48"},"headline":"Pass&#8217;Sport Pour l&#8217;Emploi","datePublished":"2026-03-06T13:20:21+00:00","dateModified":"2026-03-24T16:15:43+00:00","mainEntityOfPage":{"@id":"https:\/\/www.fondation-salomon.org\/?p=716"},"wordCount":398,"publisher":{"@id":"https:\/\/www.fondation-salomon.org\/#organization"},"image":{"@id":"https:\/\/www.fondation-salomon.org\/?p=716#primaryimage"},"thumbnailUrl":"https:\/\/www.fondation-salomon.org\/app\/uploads\/2026\/03\/image-6-1-1.png","articleSection":["Event"],"inLanguage":"fr-FR"},{"@type":"WebPage","@id":"https:\/\/www.fondation-salomon.org\/?p=716","url":"https:\/\/www.fondation-salomon.org\/?p=716","name":"Pass'Sport Pour l'Emploi - fondation salomon","isPartOf":{"@id":"https:\/\/www.fondation-salomon.org\/#website"},"primaryImageOfPage":{"@id":"https:\/\/www.fondation-salomon.org\/?p=716#primaryimage"},"image":{"@id":"https:\/\/www.fondation-salomon.org\/?p=716#primaryimage"},"thumbnailUrl":"https:\/\/www.fondation-salomon.org\/app\/uploads\/2026\/03\/image-6-1-1.png","datePublished":"2026-03-06T13:20:21+00:00","dateModified":"2026-03-24T16:15:43+00:00","breadcrumb":{"@id":"https:\/\/www.fondation-salomon.org\/?p=716#breadcrumb"},"inLanguage":"fr-FR","potentialAction":[{"@type":"ReadAction","target":["https:\/\/www.fondation-salomon.org\/?p=716"]}]},{"@type":"ImageObject","inLanguage":"fr-FR","@id":"https:\/\/www.fondation-salomon.org\/?p=716#primaryimage","url":"https:\/\/www.fondation-salomon.org\/app\/uploads\/2026\/03\/image-6-1-1.png","contentUrl":"https:\/\/www.fondation-salomon.org\/app\/uploads\/2026\/03\/image-6-1-1.png","width":1860,"height":800},{"@type":"BreadcrumbList","@id":"https:\/\/www.fondation-salomon.org\/?p=716#breadcrumb","itemListElement":[{"@type":"ListItem","position":1,"name":"Home","item":"https:\/\/www.fondation-salomon.org\/fr\/"},{"@type":"ListItem","position":2,"name":"Pass&#8217;Sport Pour l&#8217;Emploi"}]},{"@type":"WebSite","@id":"https:\/\/www.fondation-salomon.org\/#website","url":"https:\/\/www.fondation-salomon.org\/","name":"fondation salomon","description":"","publisher":{"@id":"https:\/\/www.fondation-salomon.org\/#organization"},"potentialAction":[{"@type":"SearchAction","target":{"@type":"EntryPoint","urlTemplate":"https:\/\/www.fondation-salomon.org\/?s={search_term_string}"},"query-input":{"@type":"PropertyValueSpecification","valueRequired":true,"valueName":"search_term_string"}}],"inLanguage":"fr-FR"},{"@type":"Organization","@id":"https:\/\/www.fondation-salomon.org\/#organization","name":"fondation salomon","url":"https:\/\/www.fondation-salomon.org\/","logo":{"@type":"ImageObject","inLanguage":"fr-FR","@id":"https:\/\/www.fondation-salomon.org\/#\/schema\/logo\/image\/","url":"https:\/\/www.fondation-salomon.org\/app\/uploads\/2026\/03\/SalomonFoundation_LOGO_Horizontal_Noir_SF-scaled.png","contentUrl":"https:\/\/www.fondation-salomon.org\/app\/uploads\/2026\/03\/SalomonFoundation_LOGO_Horizontal_Noir_SF-scaled.png","width":2560,"height":569,"caption":"fondation salomon"},"image":{"@id":"https:\/\/www.fondation-salomon.org\/#\/schema\/logo\/image\/"},"sameAs":["https:\/\/www.facebook.com\/Salomon\/?locale=fr_FR","https:\/\/www.instagram.com\/salomon_france\/","https:\/\/www.youtube.com\/channel\/UCCH7Ny59oLRGfw3imhL0d7A"]},{"@type":"Person","@id":"https:\/\/www.fondation-salomon.org\/#\/schema\/person\/86e0bfb1b0353210b6a687aed35a4a48","name":"gardeners","image":{"@type":"ImageObject","inLanguage":"fr-FR","@id":"https:\/\/secure.gravatar.com\/avatar\/19ee14d320737ffcd5b2d8e59dd7b2e407b7e04f4ba909c4c08ccdc952f8e483?s=96&d=mm&r=g","url":"https:\/\/secure.gravatar.com\/avatar\/19ee14d320737ffcd5b2d8e59dd7b2e407b7e04f4ba909c4c08ccdc952f8e483?s=96&d=mm&r=g","contentUrl":"https:\/\/secure.gravatar.com\/avatar\/19ee14d320737ffcd5b2d8e59dd7b2e407b7e04f4ba909c4c08ccdc952f8e483?s=96&d=mm&r=g","caption":"gardeners"},"sameAs":["https:\/\/www.fondation-salomon.org\/wp"]}]}},"_links":{"self":[{"href":"https:\/\/www.fondation-salomon.org\/fr\/wp-json\/wp\/v2\/posts\/1175","targetHints":{"allow":["GET"]}}],"collection":[{"href":"https:\/\/www.fondation-salomon.org\/fr\/wp-json\/wp\/v2\/posts"}],"about":[{"href":"https:\/\/www.fondation-salomon.org\/fr\/wp-json\/wp\/v2\/types\/post"}],"author":[{"embeddable":true,"href":"https:\/\/www.fondation-salomon.org\/fr\/wp-json\/wp\/v2\/users\/1"}],"replies":[{"embeddable":true,"href":"https:\/\/www.fondation-salomon.org\/fr\/wp-json\/wp\/v2\/comments?post=1175"}],"version-history":[{"count":1,"href":"https:\/\/www.fondation-salomon.org\/fr\/wp-json\/wp\/v2\/posts\/1175\/revisions"}],"predecessor-version":[{"id":1177,"href":"https:\/\/www.fondation-salomon.org\/fr\/wp-json\/wp\/v2\/posts\/1175\/revisions\/1177"}],"wp:featuredmedia":[{"embeddable":true,"href":"https:\/\/www.fondation-salomon.org\/fr\/wp-json\/wp\/v2\/media\/1176"}],"wp:attachment":[{"href":"https:\/\/www.fondation-salomon.org\/fr\/wp-json\/wp\/v2\/media?parent=1175"}],"wp:term":[{"taxonomy":"category","embeddable":true,"href":"https:\/\/www.fondation-salomon.org\/fr\/wp-json\/wp\/v2\/categories?post=1175"},{"taxonomy":"post_tag","embeddable":true,"href":"https:\/\/www.fondation-salomon.org\/fr\/wp-json\/wp\/v2\/tags?post=1175"}],"curies":[{"name":"wp","href":"https:\/\/api.w.org\/{rel}","templated":true}]}}